{"id":224,"date":"2024-05-07T09:13:23","date_gmt":"2024-05-07T08:13:23","guid":{"rendered":"https:\/\/dendropark.eu\/?p=224"},"modified":"2024-06-15T07:25:20","modified_gmt":"2024-06-15T06:25:20","slug":"talupaevad-20-07-21-07-24-ootame-kulla","status":"publish","type":"post","link":"https:\/\/dendropark.eu\/?p=224","title":{"rendered":"Talup\u00e4evad 20.07-21.07.24 ootame k\u00fclla"},"content":{"rendered":"<h4>20.\u201321. juulini 2024 toimub k\u00fcmnes \u00fcle-eestiline avatud talude p\u00e4ev, kus k\u00fclastajatele avavad oma uksed mitmepalgelised talud ja p\u00f5llumajandusettev\u00f5tted.<\/h4>\n<p>Dendropark &#8220;Smaragd&#8221; avab k\u00fclastajatele v\u00e4ravad 20.07.24 ja 21.07.24 kell 10.00-17.00<\/p>\n<p>Pargis on avatud kohvik<\/p>\n<p><a href=\"https:\/\/dendropark.eu\/wp-content\/uploads\/2021\/02\/baar108068934_4349847521706994_7362835959882072275_n.jpg\"><img loading=\"lazy\" decoding=\"async\" class=\"alignnone size-medium wp-image-189\" src=\"https:\/\/dendropark.eu\/wp-content\/uploads\/2021\/02\/baar108068934_4349847521706994_7362835959882072275_n-300x150.jpg\" alt=\"\" width=\"300\" height=\"150\" srcset=\"https:\/\/dendropark.eu\/wp-content\/uploads\/2021\/02\/baar108068934_4349847521706994_7362835959882072275_n-300x150.jpg 300w, https:\/\/dendropark.eu\/wp-content\/uploads\/2021\/02\/baar108068934_4349847521706994_7362835959882072275_n-768x384.jpg 768w, https:\/\/dendropark.eu\/wp-content\/uploads\/2021\/02\/baar108068934_4349847521706994_7362835959882072275_n-830x415.jpg 830w, https:\/\/dendropark.eu\/wp-content\/uploads\/2021\/02\/baar108068934_4349847521706994_7362835959882072275_n-230x115.jpg 230w, https:\/\/dendropark.eu\/wp-content\/uploads\/2021\/02\/baar108068934_4349847521706994_7362835959882072275_n-350x175.jpg 350w, https:\/\/dendropark.eu\/wp-content\/uploads\/2021\/02\/baar108068934_4349847521706994_7362835959882072275_n-480x240.jpg 480w, https:\/\/dendropark.eu\/wp-content\/uploads\/2021\/02\/baar108068934_4349847521706994_7362835959882072275_n.jpg 912w\" sizes=\"auto, (max-width: 300px) 100vw, 300px\" \/><\/a><\/p>\n<p>Reisib\u00fcroo &#8221; Diamond Travel&#8221; parimad reisipakkumised!<\/p>\n<p>Vanakraami turg<\/p>\n<p>Batuut<\/p>\n<p>Igal t\u00e4istunnil ringk\u00e4ik pargis koos perenaisega<\/p>\n<p>Tutvume pargi ajalooga, naudime kaunist aiakujundust ja vaatame albakasid. Ringk\u00e4ik on tasuline:<\/p>\n<p>t\u00e4iskasvanu 5 eur, pension\u00e4r 3 eur ja lapsed kuni 12 a tasuta.<\/p>\n<p><a href=\"https:\/\/dendropark.eu\/wp-content\/uploads\/2024\/05\/albakad-smaragd.jpg\"><img loading=\"lazy\" decoding=\"async\" class=\"alignnone size-medium wp-image-217\" src=\"https:\/\/dendropark.eu\/wp-content\/uploads\/2024\/05\/albakad-smaragd-300x225.jpg\" alt=\"\" width=\"300\" height=\"225\" srcset=\"https:\/\/dendropark.eu\/wp-content\/uploads\/2024\/05\/albakad-smaragd-300x225.jpg 300w, https:\/\/dendropark.eu\/wp-content\/uploads\/2024\/05\/albakad-smaragd-1024x768.jpg 1024w, https:\/\/dendropark.eu\/wp-content\/uploads\/2024\/05\/albakad-smaragd-768x576.jpg 768w, https:\/\/dendropark.eu\/wp-content\/uploads\/2024\/05\/albakad-smaragd-830x622.jpg 830w, https:\/\/dendropark.eu\/wp-content\/uploads\/2024\/05\/albakad-smaragd-230x172.jpg 230w, https:\/\/dendropark.eu\/wp-content\/uploads\/2024\/05\/albakad-smaragd-350x262.jpg 350w, https:\/\/dendropark.eu\/wp-content\/uploads\/2024\/05\/albakad-smaragd-480x360.jpg 480w, https:\/\/dendropark.eu\/wp-content\/uploads\/2024\/05\/albakad-smaragd.jpg 1179w\" sizes=\"auto, (max-width: 300px) 100vw, 300px\" \/><\/a><\/p>\n<p>&nbsp;<\/p>\n<p>&nbsp;<\/p>\n<p>&nbsp;<\/p>\n","protected":false},"excerpt":{"rendered":"<p>20.\u201321. juulini 2024 toimub k\u00fcmnes \u00fcle-eestiline avatud talude p\u00e4ev, kus k\u00fclastajatele avavad oma uksed mitmepalgelised talud ja p\u00f5llumajandusettev\u00f5tted. Dendropark &#8220;Smaragd&#8221; avab k\u00fclastajatele v\u00e4ravad 20.07.24 ja 21.07.24 kell 10.00-17.00 Pargis on avatud kohvik Reisib\u00fcroo &#8221; Diamond Travel&#8221; parimad reisipakkumised! Vanakraami turg Batuut Igal t\u00e4istunnil ringk\u00e4ik pargis koos perenaisega Tutvume pargi ajalooga, naudime kaunist aiakujundust ja vaatame [&hellip;]<\/p>\n","protected":false},"author":2,"featured_media":228,"comment_status":"closed","ping_status":"closed","sticky":false,"template":"","format":"standard","meta":{"footnotes":""},"categories":[1],"tags":[],"class_list":["post-224","post","type-post","status-publish","format-standard","has-post-thumbnail","hentry","category-uncategorized"],"_links":{"self":[{"href":"https:\/\/dendropark.eu\/index.php?rest_route=\/wp\/v2\/posts\/224","targetHints":{"allow":["GET"]}}],"collection":[{"href":"https:\/\/dendropark.eu\/index.php?rest_route=\/wp\/v2\/posts"}],"about":[{"href":"https:\/\/dendropark.eu\/index.php?rest_route=\/wp\/v2\/types\/post"}],"author":[{"embeddable":true,"href":"https:\/\/dendropark.eu\/index.php?rest_route=\/wp\/v2\/users\/2"}],"replies":[{"embeddable":true,"href":"https:\/\/dendropark.eu\/index.php?rest_route=%2Fwp%2Fv2%2Fcomments&post=224"}],"version-history":[{"count":4,"href":"https:\/\/dendropark.eu\/index.php?rest_route=\/wp\/v2\/posts\/224\/revisions"}],"predecessor-version":[{"id":234,"href":"https:\/\/dendropark.eu\/index.php?rest_route=\/wp\/v2\/posts\/224\/revisions\/234"}],"wp:featuredmedia":[{"embeddable":true,"href":"https:\/\/dendropark.eu\/index.php?rest_route=\/wp\/v2\/media\/228"}],"wp:attachment":[{"href":"https:\/\/dendropark.eu\/index.php?rest_route=%2Fwp%2Fv2%2Fmedia&parent=224"}],"wp:term":[{"taxonomy":"category","embeddable":true,"href":"https:\/\/dendropark.eu\/index.php?rest_route=%2Fwp%2Fv2%2Fcategories&post=224"},{"taxonomy":"post_tag","embeddable":true,"href":"https:\/\/dendropark.eu\/index.php?rest_route=%2Fwp%2Fv2%2Ftags&post=224"}],"curies":[{"name":"wp","href":"https:\/\/api.w.org\/{rel}","templated":true}]}}